{"id":571,"date":"2012-07-15T12:58:02","date_gmt":"2012-07-15T12:58:02","guid":{"rendered":"http:\/\/luisteixeira.org\/Myblog\/?p=571"},"modified":"2012-07-15T13:04:57","modified_gmt":"2012-07-15T13:04:57","slug":"evento-start-in-brazil","status":"publish","type":"post","link":"http:\/\/luisteixeira.org\/Myblog\/2012\/07\/evento-start-in-brazil\/","title":{"rendered":"Evento Start in Brazil"},"content":{"rendered":"<!-- Chitika - WordPress Plugin 2.2--><div class='chitika-adspace above'>\n<script type='text\/javascript'>\n  ( function() {\n    if (window.CHITIKA === undefined) {\n      window.CHITIKA = { 'units' : [] };\n    };\n    var unit = {\n      'publisher'       : 'themaskedwolf',\n      'width'           : 550,\n      'height'          : 250,\n      'sid'             : \"wordpress-plugin above\",\n      'color_site_link' : '0000CC',\n      'color_title'     : '0000CC',\n      'color_text'      : '000000',\n      'color_bg'        : 'ffffff',\n      'font_title'      : 'Arial',\n      'font_text'       : 'Arial',\n      'impsrc'          : 'wordpress',\n      'calltype'        : 'async[2]'\n    };\n    var placement_id = window.CHITIKA.units.length;\n    window.CHITIKA.units.push(unit);\n    var x = \"<di\" + \"v id='chitikaAdBlock-\"+placement_id+\"'><\/di\"+\"v>\";\n    document.write(x);\n}());\n<\/script>\n<script type=\"text\/javascript\" src=\"\/\/cdn.chitika.net\/getads.js\" async><\/script>\n<\/div>\n<p><a href=\"https:\/\/www.facebook.com\/events\/488841494466080\/\"><figure style=\"width: 180px\" class=\"wp-caption alignright\"><img loading=\"lazy\" decoding=\"async\" alt=\"Start in Brazil\" src=\"https:\/\/fbcdn-profile-a.akamaihd.net\/hprofile-ak-snc4\/373716_488841494466080_114924174_n.jpg\" title=\"Start in Brazil\" width=\"180\" height=\"180\" \/><figcaption class=\"wp-caption-text\">Start in Brazil &#8211; Direitos e propriedade da imagem &#8211; <a href=\"https:\/\/www.facebook.com\/piranha.organization\">Piranhas<\/a><\/figcaption><\/figure><\/a><\/p>\n<p>Rescaldo do passado evento do dia 13 de Julho &#8220;Start in Brasil&#8221; realizado no <a href=\"https:\/\/aquila.iseg.utl.pt\/aquila\/instituicao\/ISEG\">ISEG<\/a>.<br \/>\nNo m\u00ednimo tenho que mencionar primeiramente que foi um excelente evento! Parab\u00e9ns \u00e0 organiza\u00e7\u00e3o e \u00e0s demais entidades e pessoas envolvidas que possibilitaram e fizeram com que este evento se realizasse. <br \/>\n<a href=\"https:\/\/www.facebook.com\/photo.php?fbid=390498224341925&#038;set=a.384533434938404.85528.161417067250043&#038;type=1&#038;theater\"><figure style=\"width: 250px\" class=\"wp-caption alignleft\"><img loading=\"lazy\" decoding=\"async\" alt=\"\" src=\"https:\/\/fbcdn-sphotos-a.akamaihd.net\/hphotos-ak-ash4\/241903_390498224341925_7702584_o.jpg\" title=\"Start in Brazil - credits\" width=\"250\" height=\"180\" \/><figcaption class=\"wp-caption-text\">Start in Brazil \u2013 Direitos e propriedade da imagem <a href=\"https:\/\/www.facebook.com\/piranha.organization\">Piranhas<\/a><\/figcaption><\/figure><\/a> <\/p>\n<p>A informa\u00e7\u00e3o e a troca de experi\u00eancias apresentadas neste evento resultaram em valor acrescentado a quem assistiu e participou.<\/p>\n<p>\nDeixo aqui o meu sinal de Agradecimento \u00e0 organiza\u00e7\u00e3o do evento.<br \/>\nLu\u00eds Teixeira<\/p>\n\n<!-- Facebook Like Button v1.9.6 BEGIN [http:\/\/blog.bottomlessinc.com] -->\n<iframe src=\"http:\/\/www.facebook.com\/plugins\/like.php?href=http%3A%2F%2Fluisteixeira.org%2FMyblog%2F2012%2F07%2Fevento-start-in-brazil%2F&amp;layout=button_count&amp;show_faces=true&amp;width=450&amp;action=like&amp;colorscheme=light\" scrolling=\"no\" frameborder=\"0\" allowTransparency=\"true\" style=\"border:none; overflow:hidden; width:450px; height: 60px; align: left; margin: 2px 0px 2px 0px\"><\/iframe>\n<!-- Facebook Like Button END -->","protected":false},"excerpt":{"rendered":"<p>Rescaldo do passado evento do dia 13 de Julho &#8220;Start in Brasil&#8221; realizado no ISEG. No m\u00ednimo tenho que mencionar primeiramente que foi um excelente evento! Parab\u00e9ns \u00e0 organiza\u00e7\u00e3o e \u00e0s demais entidades e pessoas envolvidas que possibilitaram e fizeram <a class=\"more-link\" href=\"http:\/\/luisteixeira.org\/Myblog\/2012\/07\/evento-start-in-brazil\/\">Continue reading <span class=\"screen-reader-text\">  Evento Start in Brazil<\/span><span class=\"meta-nav\">&rarr;<\/span><\/a><\/p>\n","protected":false},"author":1,"featured_media":0,"comment_status":"open","ping_status":"open","sticky":false,"template":"","format":"standard","meta":{"footnotes":""},"categories":[9,48,4,3],"tags":[65,184,67,68,66],"class_list":["post-571","post","type-post","status-publish","format-standard","hentry","category-science","category-empreendedorismo","category-interests","category-professional","tag-brazil","tag-empreendedorismo","tag-iseg","tag-piranhas","tag-startup"],"_links":{"self":[{"href":"http:\/\/luisteixeira.org\/Myblog\/wp-json\/wp\/v2\/posts\/571","targetHints":{"allow":["GET"]}}],"collection":[{"href":"http:\/\/luisteixeira.org\/Myblog\/wp-json\/wp\/v2\/posts"}],"about":[{"href":"http:\/\/luisteixeira.org\/Myblog\/wp-json\/wp\/v2\/types\/post"}],"author":[{"embeddable":true,"href":"http:\/\/luisteixeira.org\/Myblog\/wp-json\/wp\/v2\/users\/1"}],"replies":[{"embeddable":true,"href":"http:\/\/luisteixeira.org\/Myblog\/wp-json\/wp\/v2\/comments?post=571"}],"version-history":[{"count":24,"href":"http:\/\/luisteixeira.org\/Myblog\/wp-json\/wp\/v2\/posts\/571\/revisions"}],"predecessor-version":[{"id":595,"href":"http:\/\/luisteixeira.org\/Myblog\/wp-json\/wp\/v2\/posts\/571\/revisions\/595"}],"wp:attachment":[{"href":"http:\/\/luisteixeira.org\/Myblog\/wp-json\/wp\/v2\/media?parent=571"}],"wp:term":[{"taxonomy":"category","embeddable":true,"href":"http:\/\/luisteixeira.org\/Myblog\/wp-json\/wp\/v2\/categories?post=571"},{"taxonomy":"post_tag","embeddable":true,"href":"http:\/\/luisteixeira.org\/Myblog\/wp-json\/wp\/v2\/tags?post=571"}],"curies":[{"name":"wp","href":"https:\/\/api.w.org\/{rel}","templated":true}]}}