{"id":525,"date":"2012-05-09T22:00:48","date_gmt":"2012-05-09T22:00:48","guid":{"rendered":"http:\/\/luisteixeira.org\/Myblog\/?p=525"},"modified":"2012-05-09T22:00:48","modified_gmt":"2012-05-09T22:00:48","slug":"comemoracao-do-dia-da-europa-em-portugal-2012","status":"publish","type":"post","link":"http:\/\/luisteixeira.org\/Myblog\/2012\/05\/comemoracao-do-dia-da-europa-em-portugal-2012\/","title":{"rendered":"Comemora\u00e7\u00e3o do Dia da Europa em Portugal 2012"},"content":{"rendered":"<!-- Chitika - WordPress Plugin 2.2--><div class='chitika-adspace above'>\n<script type='text\/javascript'>\n  ( function() {\n    if (window.CHITIKA === undefined) {\n      window.CHITIKA = { 'units' : [] };\n    };\n    var unit = {\n      'publisher'       : 'themaskedwolf',\n      'width'           : 550,\n      'height'          : 250,\n      'sid'             : \"wordpress-plugin above\",\n      'color_site_link' : '0000CC',\n      'color_title'     : '0000CC',\n      'color_text'      : '000000',\n      'color_bg'        : 'ffffff',\n      'font_title'      : 'Arial',\n      'font_text'       : 'Arial',\n      'impsrc'          : 'wordpress',\n      'calltype'        : 'async[2]'\n    };\n    var placement_id = window.CHITIKA.units.length;\n    window.CHITIKA.units.push(unit);\n    var x = \"<di\" + \"v id='chitikaAdBlock-\"+placement_id+\"'><\/di\"+\"v>\";\n    document.write(x);\n}());\n<\/script>\n<script type=\"text\/javascript\" src=\"\/\/cdn.chitika.net\/getads.js\" async><\/script>\n<\/div>\n<p>Hoje no <a href=\"http:\/\/www.visitlisboa.com\/getdoc\/57a94faf-3173-4329-96f4-5af475d4e0a3\/NodeAliasPath.aspx\">P\u00e1tio da Gal\u00e9<\/a> decorreu o evento<a href=\"http:\/\/ec.europa.eu\/portugal\/comissao\/europe_day\/comemoracao_9maio2012_pt.htm\"> Bolsa do Empreendedorismo<\/a>. <br \/>\nTirando as condi\u00e7\u00f5es um pouco aqu\u00e9m, o conte\u00fado do evento foi deveras proveitoso! E pela n\u00famero de pessoas que vi no evento, Portugal tem ideias! VAmos ver se todos os empreendedores conseguem de alguma forma criar Valor acrescentado! Eu acredito que sim!!! <br \/>\nMas n\u00e3o \u00e9 uma coisa <strong>m\u00e1gica<\/strong>!! \u00c9 algo que acarreta muito <strong>trabalho e sacrificio<\/strong> em busca de algo mais, e \u00e9 esse algo mais que faz tudo rolar!!<\/p>\n\n<!-- Facebook Like Button v1.9.6 BEGIN [http:\/\/blog.bottomlessinc.com] -->\n<iframe src=\"http:\/\/www.facebook.com\/plugins\/like.php?href=http%3A%2F%2Fluisteixeira.org%2FMyblog%2F2012%2F05%2Fcomemoracao-do-dia-da-europa-em-portugal-2012%2F&amp;layout=button_count&amp;show_faces=true&amp;width=450&amp;action=like&amp;colorscheme=light\" scrolling=\"no\" frameborder=\"0\" allowTransparency=\"true\" style=\"border:none; overflow:hidden; width:450px; height: 60px; align: left; margin: 2px 0px 2px 0px\"><\/iframe>\n<!-- Facebook Like Button END -->","protected":false},"excerpt":{"rendered":"<p>Hoje no P\u00e1tio da Gal\u00e9 decorreu o evento Bolsa do Empreendedorismo. Tirando as condi\u00e7\u00f5es um pouco aqu\u00e9m, o conte\u00fado do evento foi deveras proveitoso! E pela n\u00famero de pessoas que vi no evento, Portugal tem ideias! VAmos ver se todos <a class=\"more-link\" href=\"http:\/\/luisteixeira.org\/Myblog\/2012\/05\/comemoracao-do-dia-da-europa-em-portugal-2012\/\">Continue reading <span class=\"screen-reader-text\">  Comemora\u00e7\u00e3o do Dia da Europa em Portugal 2012<\/span><span class=\"meta-nav\">&rarr;<\/span><\/a><\/p>\n","protected":false},"author":1,"featured_media":0,"comment_status":"open","ping_status":"open","sticky":false,"template":"","format":"standard","meta":{"footnotes":""},"categories":[9,48,4,3,8],"tags":[50,51,49],"class_list":["post-525","post","type-post","status-publish","format-standard","hentry","category-science","category-empreendedorismo","category-interests","category-professional","category-techn","tag-bolsa-do-empreendedorismo","tag-dia-da-europa","tag-patio-da-gale"],"_links":{"self":[{"href":"http:\/\/luisteixeira.org\/Myblog\/wp-json\/wp\/v2\/posts\/525","targetHints":{"allow":["GET"]}}],"collection":[{"href":"http:\/\/luisteixeira.org\/Myblog\/wp-json\/wp\/v2\/posts"}],"about":[{"href":"http:\/\/luisteixeira.org\/Myblog\/wp-json\/wp\/v2\/types\/post"}],"author":[{"embeddable":true,"href":"http:\/\/luisteixeira.org\/Myblog\/wp-json\/wp\/v2\/users\/1"}],"replies":[{"embeddable":true,"href":"http:\/\/luisteixeira.org\/Myblog\/wp-json\/wp\/v2\/comments?post=525"}],"version-history":[{"count":4,"href":"http:\/\/luisteixeira.org\/Myblog\/wp-json\/wp\/v2\/posts\/525\/revisions"}],"predecessor-version":[{"id":530,"href":"http:\/\/luisteixeira.org\/Myblog\/wp-json\/wp\/v2\/posts\/525\/revisions\/530"}],"wp:attachment":[{"href":"http:\/\/luisteixeira.org\/Myblog\/wp-json\/wp\/v2\/media?parent=525"}],"wp:term":[{"taxonomy":"category","embeddable":true,"href":"http:\/\/luisteixeira.org\/Myblog\/wp-json\/wp\/v2\/categories?post=525"},{"taxonomy":"post_tag","embeddable":true,"href":"http:\/\/luisteixeira.org\/Myblog\/wp-json\/wp\/v2\/tags?post=525"}],"curies":[{"name":"wp","href":"https:\/\/api.w.org\/{rel}","templated":true}]}}