{"id":487,"date":"2012-04-13T18:46:13","date_gmt":"2012-04-13T18:46:13","guid":{"rendered":"http:\/\/luisteixeira.org\/Myblog\/?p=487"},"modified":"2012-04-13T18:46:13","modified_gmt":"2012-04-13T18:46:13","slug":"rescaldo-das-ferias-da-pascoa","status":"publish","type":"post","link":"http:\/\/luisteixeira.org\/Myblog\/2012\/04\/rescaldo-das-ferias-da-pascoa\/","title":{"rendered":"&#8220;Rescaldo&#8221;  das F\u00e9rias da P\u00e1scoa!"},"content":{"rendered":"<!-- Chitika - WordPress Plugin 2.2--><div class='chitika-adspace above'>\n<script type='text\/javascript'>\n  ( function() {\n    if (window.CHITIKA === undefined) {\n      window.CHITIKA = { 'units' : [] };\n    };\n    var unit = {\n      'publisher'       : 'themaskedwolf',\n      'width'           : 550,\n      'height'          : 250,\n      'sid'             : \"wordpress-plugin above\",\n      'color_site_link' : '0000CC',\n      'color_title'     : '0000CC',\n      'color_text'      : '000000',\n      'color_bg'        : 'ffffff',\n      'font_title'      : 'Arial',\n      'font_text'       : 'Arial',\n      'impsrc'          : 'wordpress',\n      'calltype'        : 'async[2]'\n    };\n    var placement_id = window.CHITIKA.units.length;\n    window.CHITIKA.units.push(unit);\n    var x = \"<di\" + \"v id='chitikaAdBlock-\"+placement_id+\"'><\/di\"+\"v>\";\n    document.write(x);\n}());\n<\/script>\n<script type=\"text\/javascript\" src=\"\/\/cdn.chitika.net\/getads.js\" async><\/script>\n<\/div>\n<p><\/p>\n<p>Ol\u00e1 a Todos!<\/p>\n<\/p>\n<p>Este post v\u00eam com uns dias de atraso, tive de ponderar como iria escrever o turbilh\u00e3o de coisas que me passaram pela cabe\u00e7a agora na P\u00e1scoa.<br \/>\nVou abordar v\u00e1rios temas, alguns completamente antag\u00f3nicos, espero n\u00e3o tornar este post entediante nem confuso.<\/p>\n<p><\/p>\n<p>Comecemos,<br \/>\nEste ano para ser um pouco mais em conta, a crise e tal, fui de autocarro para <a href=\"http:\/\/www.cm-murca.pt\/\">Mur\u00e7a.<\/a> <a href=\"http:\/\/luisteixeira.org\/Myblog\/wp-content\/uploads\/2012\/04\/Crest_of_Mur\u00e7a_municipality_Portugal.png\"><img loading=\"lazy\" decoding=\"async\" src=\"http:\/\/luisteixeira.org\/Myblog\/wp-content\/uploads\/2012\/04\/Crest_of_Mur\u00e7a_municipality_Portugal-150x150.png\" alt=\"\" title=\"Crest_of_Mur\u00e7a_municipality_(Portugal)\" width=\"150\" height=\"150\" class=\"alignleft size-thumbnail wp-image-490\" \/><\/a><br \/>\nPrimeira Situa\u00e7ao, autocarros de Lisboa para Mur\u00e7a, s\u00f3 atrav\u00e9s de uma companhia, a Santos\/Rodonorte.  E t\u00eam os autocarros a umas horas supinpas! Upa Upa!! 11h da manha, 14h e 16h, visto que a quarta op\u00e7\u00e3o que \u00e9 \u00e0s 18h ( a mais l\u00f3gica ) s\u00f3 existe em tempos de aulas.<\/p>\n<p>Ora imaginemmos que algu\u00e9m que por ventura, decidi-se, criar um neg\u00f3cio em Mur\u00e7a, morando em Lisboa ( Networking \u00e9 mais vi\u00e1vel acontecer em Lisboa ou Porto, apesar do paradigmo star a mudar muito ligeiramente) . Mais, imagine-se que se optava por transportes, para ser mais eco-friendly e afins, fica assim como que impratic\u00e1vel estes hor\u00e1rios!!!!!!!<\/p>\n<p>Mas ok, n\u00e3o h\u00e1-de ser a \u00fanico op\u00e7\u00e3o vi\u00e1vel de transportes!!! Ahh Esperem, comboios!!!!!! Isso deve dar mais alguma margem de manobra!!! para Tr\u00e1s Dos Montes, uhmm linha do Tua!! Ahh n\u00e3o espera, passa por Mirandela, acho&#8230;.Mas n\u00e3o por Vila Real ( \u00e9 tipo a Capital de Distrito!!!) ! N\u00e3o comboio s\u00f3 devia dar mesmo mais dor de cabe\u00e7a que os autocarros!!!!<\/p>\n<p>Temos sempre Avi\u00e3o de Lisboa at\u00e9 Vila Real!! \u00c9 bom! Se ficarmos por ali! O que corta tamb\u00e9m um pouco a mobilidade!! <\/p>\n<p><\/p>\n<p>Mudando um pouco  o foco do post!!! Durante a passagem do autocarro pelo Mar\u00e3o, vejo as magnificas obras da Auto-Estrada de Tr\u00e1s-dos-Montes! Em termos de Engenharia, admito, \u00e9 digno!<br \/>\nMas e o mal fadado T\u00fanel do Mar\u00e3o, vi a dita obra! A altura do autocarro, permitiu tal fa\u00e7anha! T\u00e1 parado! Mas as \u00e1guas do Mar\u00e3o perderem as Provid\u00eancias Cautuelares!! Ser\u00e1 que pagaram o rombo ao her\u00e1rio de todos n\u00f3s por causa dessa op\u00e7\u00e3o!!! Se n\u00e3o deviam, de alguma forma, deviam!! Mas outra coisa gira, \u00e9 que o IP4 est\u00e1 a ser comida pela Auto-Estrada (ser\u00e1 com certeza paga)! Fica-mos s\u00f3 com a Nacional!! Para Turista e Turismo, acho qu\u00e9 at\u00e9 \u00e9 giro! Para o resto \u00e9 completamente impratic\u00e1vel!\n<\/p>\n<p><\/p>\n<p>Tr\u00e1s Dos Montes e Alto Douro, Regi\u00e3o do Pa\u00eds que acredito que tem do maior potencial por explorar!! Tantos nichos de Mercado!! Especialmente no Turismo Natural, e Rural! Mas bem Feito! Com cabe\u00e7a tronco e membros, articulado, sempre a apontar para 4 e 5 estrelas!!! Mas nb\u00e3o a fingir!!! O Turisto estrageiro, se gostar volta e passa a palavra, ent\u00e3o com a Web 2.0 ainda mais depressa!!! Se fizerem um mau servi\u00e7o! Boicotam tudo!!!<\/p>\n<p><\/p>\n<p>Fico-me por aqui!<\/p>\n\n<!-- Facebook Like Button v1.9.6 BEGIN [http:\/\/blog.bottomlessinc.com] -->\n<iframe src=\"http:\/\/www.facebook.com\/plugins\/like.php?href=http%3A%2F%2Fluisteixeira.org%2FMyblog%2F2012%2F04%2Frescaldo-das-ferias-da-pascoa%2F&amp;layout=button_count&amp;show_faces=true&amp;width=450&amp;action=like&amp;colorscheme=light\" scrolling=\"no\" frameborder=\"0\" allowTransparency=\"true\" style=\"border:none; overflow:hidden; width:450px; height: 60px; align: left; margin: 2px 0px 2px 0px\"><\/iframe>\n<!-- Facebook Like Button END -->","protected":false},"excerpt":{"rendered":"<p>Ol\u00e1 a Todos! Este post v\u00eam com uns dias de atraso, tive de ponderar como iria escrever o turbilh\u00e3o de coisas que me passaram pela cabe\u00e7a agora na P\u00e1scoa. Vou abordar v\u00e1rios temas, alguns completamente antag\u00f3nicos, espero n\u00e3o tornar este <a class=\"more-link\" href=\"http:\/\/luisteixeira.org\/Myblog\/2012\/04\/rescaldo-das-ferias-da-pascoa\/\">Continue reading <span class=\"screen-reader-text\">  &#8220;Rescaldo&#8221;  das F\u00e9rias da P\u00e1scoa!<\/span><span class=\"meta-nav\">&rarr;<\/span><\/a><\/p>\n","protected":false},"author":1,"featured_media":0,"comment_status":"open","ping_status":"open","sticky":false,"template":"","format":"standard","meta":{"footnotes":""},"categories":[10,13,4,1],"tags":[40,37,39,38,41],"class_list":["post-487","post","type-post","status-publish","format-standard","hentry","category-culture","category-fotografia","category-interests","category-personal","tag-alto-douro","tag-murca","tag-tras-dos-montes","tag-tunel-do-marao","tag-turismo"],"_links":{"self":[{"href":"http:\/\/luisteixeira.org\/Myblog\/wp-json\/wp\/v2\/posts\/487","targetHints":{"allow":["GET"]}}],"collection":[{"href":"http:\/\/luisteixeira.org\/Myblog\/wp-json\/wp\/v2\/posts"}],"about":[{"href":"http:\/\/luisteixeira.org\/Myblog\/wp-json\/wp\/v2\/types\/post"}],"author":[{"embeddable":true,"href":"http:\/\/luisteixeira.org\/Myblog\/wp-json\/wp\/v2\/users\/1"}],"replies":[{"embeddable":true,"href":"http:\/\/luisteixeira.org\/Myblog\/wp-json\/wp\/v2\/comments?post=487"}],"version-history":[{"count":10,"href":"http:\/\/luisteixeira.org\/Myblog\/wp-json\/wp\/v2\/posts\/487\/revisions"}],"predecessor-version":[{"id":498,"href":"http:\/\/luisteixeira.org\/Myblog\/wp-json\/wp\/v2\/posts\/487\/revisions\/498"}],"wp:attachment":[{"href":"http:\/\/luisteixeira.org\/Myblog\/wp-json\/wp\/v2\/media?parent=487"}],"wp:term":[{"taxonomy":"category","embeddable":true,"href":"http:\/\/luisteixeira.org\/Myblog\/wp-json\/wp\/v2\/categories?post=487"},{"taxonomy":"post_tag","embeddable":true,"href":"http:\/\/luisteixeira.org\/Myblog\/wp-json\/wp\/v2\/tags?post=487"}],"curies":[{"name":"wp","href":"https:\/\/api.w.org\/{rel}","templated":true}]}}