{"id":359,"date":"2012-01-22T22:48:30","date_gmt":"2012-01-22T22:48:30","guid":{"rendered":"http:\/\/luisteixeira.org\/Myblog\/?p=359"},"modified":"2012-01-24T21:29:29","modified_gmt":"2012-01-24T21:29:29","slug":"the-girl-with-the-dragon-tattoo-2011","status":"publish","type":"post","link":"http:\/\/luisteixeira.org\/Myblog\/2012\/01\/the-girl-with-the-dragon-tattoo-2011\/","title":{"rendered":"The Girl with the Dragon Tattoo (2011)"},"content":{"rendered":"<!-- Chitika - WordPress Plugin 2.2--><div class='chitika-adspace above'>\n<script type='text\/javascript'>\n  ( function() {\n    if (window.CHITIKA === undefined) {\n      window.CHITIKA = { 'units' : [] };\n    };\n    var unit = {\n      'publisher'       : 'themaskedwolf',\n      'width'           : 550,\n      'height'          : 250,\n      'sid'             : \"wordpress-plugin above\",\n      'color_site_link' : '0000CC',\n      'color_title'     : '0000CC',\n      'color_text'      : '000000',\n      'color_bg'        : 'ffffff',\n      'font_title'      : 'Arial',\n      'font_text'       : 'Arial',\n      'impsrc'          : 'wordpress',\n      'calltype'        : 'async[2]'\n    };\n    var placement_id = window.CHITIKA.units.length;\n    window.CHITIKA.units.push(unit);\n    var x = \"<di\" + \"v id='chitikaAdBlock-\"+placement_id+\"'><\/di\"+\"v>\";\n    document.write(x);\n}());\n<\/script>\n<script type=\"text\/javascript\" src=\"\/\/cdn.chitika.net\/getads.js\" async><\/script>\n<\/div>\n<p><br \/>\n<a href=\"http:\/\/www.imdb.com\/title\/tt1568346\/\"><a href=\"http:\/\/luisteixeira.org\/Myblog\/wp-content\/uploads\/2012\/01\/The-Girl-With-the-dragon-totto-2011.jpg\"><img loading=\"lazy\" decoding=\"async\" src=\"http:\/\/luisteixeira.org\/Myblog\/wp-content\/uploads\/2012\/01\/The-Girl-With-the-dragon-totto-2011.jpg\" alt=\"\" title=\"The Girl With the dragon totto 2011\" width=\"214\" height=\"317\" class=\"alignright size-full wp-image-370\" srcset=\"http:\/\/luisteixeira.org\/Myblog\/wp-content\/uploads\/2012\/01\/The-Girl-With-the-dragon-totto-2011.jpg 214w, http:\/\/luisteixeira.org\/Myblog\/wp-content\/uploads\/2012\/01\/The-Girl-With-the-dragon-totto-2011-202x300.jpg 202w\" sizes=\"auto, (max-width: 214px) 100vw, 214px\" \/><\/a><\/p>\n<p>Hoje fui ao cinema ver o t\u00e3o falado <a href=\"http:\/\/www.imdb.com\/title\/tt1568346\/\">The Girl with the Dragon Tattoo (2011)<\/a>.<br \/>\n<br \/>\nApesar de ser um g\u00e9nero que eu n\u00e3o aprecio muito, tenho a dizer que gostei bastante deste filme!<br \/>\n Quando acabar a minha demanda pelos livros do &#8220;Game of Thrones&#8221; ou algures num intervalo entre eles, com certeza irei ler os livros que deram o t\u00edtulo ao filme.<\/p>\n<p>Luis F.S. Teixeira<br \/>\n<\/p>\n\n<!-- Facebook Like Button v1.9.6 BEGIN [http:\/\/blog.bottomlessinc.com] -->\n<iframe src=\"http:\/\/www.facebook.com\/plugins\/like.php?href=http%3A%2F%2Fluisteixeira.org%2FMyblog%2F2012%2F01%2Fthe-girl-with-the-dragon-tattoo-2011%2F&amp;layout=button_count&amp;show_faces=true&amp;width=450&amp;action=like&amp;colorscheme=light\" scrolling=\"no\" frameborder=\"0\" allowTransparency=\"true\" style=\"border:none; overflow:hidden; width:450px; height: 60px; align: left; margin: 2px 0px 2px 0px\"><\/iframe>\n<!-- Facebook Like Button END -->","protected":false},"excerpt":{"rendered":"<p>Hoje fui ao cinema ver o t\u00e3o falado The Girl with the Dragon Tattoo (2011). Apesar de ser um g\u00e9nero que eu n\u00e3o aprecio muito, tenho a dizer que gostei bastante deste filme! Quando acabar a minha demanda pelos livros <a class=\"more-link\" href=\"http:\/\/luisteixeira.org\/Myblog\/2012\/01\/the-girl-with-the-dragon-tattoo-2011\/\">Continue reading <span class=\"screen-reader-text\">  The Girl with the Dragon Tattoo (2011)<\/span><span class=\"meta-nav\">&rarr;<\/span><\/a><\/p>\n","protected":false},"author":1,"featured_media":0,"comment_status":"closed","ping_status":"open","sticky":false,"template":"","format":"standard","meta":{"footnotes":""},"categories":[1],"tags":[],"class_list":["post-359","post","type-post","status-publish","format-standard","hentry","category-personal"],"_links":{"self":[{"href":"http:\/\/luisteixeira.org\/Myblog\/wp-json\/wp\/v2\/posts\/359","targetHints":{"allow":["GET"]}}],"collection":[{"href":"http:\/\/luisteixeira.org\/Myblog\/wp-json\/wp\/v2\/posts"}],"about":[{"href":"http:\/\/luisteixeira.org\/Myblog\/wp-json\/wp\/v2\/types\/post"}],"author":[{"embeddable":true,"href":"http:\/\/luisteixeira.org\/Myblog\/wp-json\/wp\/v2\/users\/1"}],"replies":[{"embeddable":true,"href":"http:\/\/luisteixeira.org\/Myblog\/wp-json\/wp\/v2\/comments?post=359"}],"version-history":[{"count":7,"href":"http:\/\/luisteixeira.org\/Myblog\/wp-json\/wp\/v2\/posts\/359\/revisions"}],"predecessor-version":[{"id":372,"href":"http:\/\/luisteixeira.org\/Myblog\/wp-json\/wp\/v2\/posts\/359\/revisions\/372"}],"wp:attachment":[{"href":"http:\/\/luisteixeira.org\/Myblog\/wp-json\/wp\/v2\/media?parent=359"}],"wp:term":[{"taxonomy":"category","embeddable":true,"href":"http:\/\/luisteixeira.org\/Myblog\/wp-json\/wp\/v2\/categories?post=359"},{"taxonomy":"post_tag","embeddable":true,"href":"http:\/\/luisteixeira.org\/Myblog\/wp-json\/wp\/v2\/tags?post=359"}],"curies":[{"name":"wp","href":"https:\/\/api.w.org\/{rel}","templated":true}]}}