{"id":169,"date":"2011-10-08T12:30:43","date_gmt":"2011-10-08T12:30:43","guid":{"rendered":"http:\/\/luisteixeira.org\/Myblog\/?p=169"},"modified":"2012-01-14T12:32:57","modified_gmt":"2012-01-14T12:32:57","slug":"exposicao-fotografica-afca-naturalmente","status":"publish","type":"post","link":"http:\/\/luisteixeira.org\/Myblog\/2011\/10\/exposicao-fotografica-afca-naturalmente\/","title":{"rendered":"Exposi\u00e7\u00e3o Fotogr\u00e1fica &#8220;AFCA, Naturalmente&#8221;"},"content":{"rendered":"<!-- Chitika - WordPress Plugin 2.2--><div class='chitika-adspace above'>\n<script type='text\/javascript'>\n  ( function() {\n    if (window.CHITIKA === undefined) {\n      window.CHITIKA = { 'units' : [] };\n    };\n    var unit = {\n      'publisher'       : 'themaskedwolf',\n      'width'           : 550,\n      'height'          : 250,\n      'sid'             : \"wordpress-plugin above\",\n      'color_site_link' : '0000CC',\n      'color_title'     : '0000CC',\n      'color_text'      : '000000',\n      'color_bg'        : 'ffffff',\n      'font_title'      : 'Arial',\n      'font_text'       : 'Arial',\n      'impsrc'          : 'wordpress',\n      'calltype'        : 'async[2]'\n    };\n    var placement_id = window.CHITIKA.units.length;\n    window.CHITIKA.units.push(unit);\n    var x = \"<di\" + \"v id='chitikaAdBlock-\"+placement_id+\"'><\/di\"+\"v>\";\n    document.write(x);\n}());\n<\/script>\n<script type=\"text\/javascript\" src=\"\/\/cdn.chitika.net\/getads.js\" async><\/script>\n<\/div>\n<p>Nos dias 8 e 9 de Outubro, a Herdade da Mourisca recebe, pela terceira vez, a <a href=\"http:\/\/www.observanatura.com\/observanatura\/index.html\">feira \u201cObservaNatura\u201d<\/a>, dedicada ao tema Turismo Ornitol\u00f3gico.<\/p>\n<p>Onde estar\u00e1 inclu\u00edda uma fotografia da minha autoria.<\/p>\n<p>Entre as diversas actividades patentes na feira, estar\u00e1 patente a Exposi\u00e7\u00e3o fotogr\u00e1fica &#8220;AFCA, Naturalmente&#8221;.<br \/>\n<a href=\"http:\/\/luisteixeira.org\/Myblog\/wp-content\/uploads\/2011\/10\/AFCA_ObservaNatura_2011_Fase2.jpg\"><img loading=\"lazy\" decoding=\"async\" class=\"aligncenter size-medium wp-image-158\" title=\"AFCA_ObservaNatura_2011_Fase2\" src=\"http:\/\/luisteixeira.org\/Myblog\/wp-content\/uploads\/2011\/10\/AFCA_ObservaNatura_2011_Fase2-212x300.jpg\" alt=\"\" width=\"212\" height=\"300\" srcset=\"http:\/\/luisteixeira.org\/Myblog\/wp-content\/uploads\/2011\/10\/AFCA_ObservaNatura_2011_Fase2-212x300.jpg 212w, http:\/\/luisteixeira.org\/Myblog\/wp-content\/uploads\/2011\/10\/AFCA_ObservaNatura_2011_Fase2.jpg 566w\" sizes=\"auto, (max-width: 212px) 100vw, 212px\" \/><\/a><\/p>\n<p style=\"text-align: center;\"><span style=\"font-size: xx-small;\">Nota: Fotografia de capa de <a href=\"https:\/\/www.facebook.com\/profile.php?id=1349392385\">Arlindo Fragoso<\/a><\/span><\/p>\n<p>&nbsp;<\/p>\n<hr align=\"center\" width=\"50%\" \/>\n<p>&nbsp;<\/p>\n<p style=\"text-align: center;\"><strong>Qualquer informa\u00e7\u00e3o adicional, n\u00e3o hesite em contactar-me.<\/strong><\/p>\n<p style=\"text-align: center;\">lst<a href=\"http:\/\/www.google.com\/recaptcha\/mailhide\/d?k=019E04HH5yGpgFS8ByKX0WFA==&amp;c=-b_7XlVHfRUKwN8l_JOrMXuHDI-oiT_w8MUgSm4qe2g=\" onclick=\"window.open('http:\/\/www.google.com\/recaptcha\/mailhide\/d?k\\075019E04HH5yGpgFS8ByKX0WFA\\75\\75\\46c\\75-b_7XlVHfRUKwN8l_JOrMXuHDI-oiT_w8MUgSm4qe2g\\075', '', 'toolbar=0,scrollbars=0,location=0,statusbar=0,menubar=0,resizable=0,width=500,height=300'); return false;\" title=\"Reveal this e-mail address\">&#8230;<\/a>teixeira.org<\/p>\n<p><\/p>\n\n<!-- Facebook Like Button v1.9.6 BEGIN [http:\/\/blog.bottomlessinc.com] -->\n<iframe src=\"http:\/\/www.facebook.com\/plugins\/like.php?href=http%3A%2F%2Fluisteixeira.org%2FMyblog%2F2011%2F10%2Fexposicao-fotografica-afca-naturalmente%2F&amp;layout=button_count&amp;show_faces=true&amp;width=450&amp;action=like&amp;colorscheme=light\" scrolling=\"no\" frameborder=\"0\" allowTransparency=\"true\" style=\"border:none; overflow:hidden; width:450px; height: 60px; align: left; margin: 2px 0px 2px 0px\"><\/iframe>\n<!-- Facebook Like Button END -->","protected":false},"excerpt":{"rendered":"<p>Nos dias 8 e 9 de Outubro, a Herdade da Mourisca recebe, pela terceira vez, a feira \u201cObservaNatura\u201d, dedicada ao tema Turismo Ornitol\u00f3gico. Onde estar\u00e1 inclu\u00edda uma fotografia da minha autoria. Entre as diversas actividades patentes na feira, estar\u00e1 patente <a class=\"more-link\" href=\"http:\/\/luisteixeira.org\/Myblog\/2011\/10\/exposicao-fotografica-afca-naturalmente\/\">Continue reading <span class=\"screen-reader-text\">  Exposi\u00e7\u00e3o Fotogr\u00e1fica &#8220;AFCA, Naturalmente&#8221;<\/span><span class=\"meta-nav\">&rarr;<\/span><\/a><\/p>\n","protected":false},"author":1,"featured_media":0,"comment_status":"closed","ping_status":"open","sticky":false,"template":"","format":"standard","meta":{"footnotes":""},"categories":[13,4,1],"tags":[],"class_list":["post-169","post","type-post","status-publish","format-standard","hentry","category-fotografia","category-interests","category-personal"],"_links":{"self":[{"href":"http:\/\/luisteixeira.org\/Myblog\/wp-json\/wp\/v2\/posts\/169","targetHints":{"allow":["GET"]}}],"collection":[{"href":"http:\/\/luisteixeira.org\/Myblog\/wp-json\/wp\/v2\/posts"}],"about":[{"href":"http:\/\/luisteixeira.org\/Myblog\/wp-json\/wp\/v2\/types\/post"}],"author":[{"embeddable":true,"href":"http:\/\/luisteixeira.org\/Myblog\/wp-json\/wp\/v2\/users\/1"}],"replies":[{"embeddable":true,"href":"http:\/\/luisteixeira.org\/Myblog\/wp-json\/wp\/v2\/comments?post=169"}],"version-history":[{"count":10,"href":"http:\/\/luisteixeira.org\/Myblog\/wp-json\/wp\/v2\/posts\/169\/revisions"}],"predecessor-version":[{"id":310,"href":"http:\/\/luisteixeira.org\/Myblog\/wp-json\/wp\/v2\/posts\/169\/revisions\/310"}],"wp:attachment":[{"href":"http:\/\/luisteixeira.org\/Myblog\/wp-json\/wp\/v2\/media?parent=169"}],"wp:term":[{"taxonomy":"category","embeddable":true,"href":"http:\/\/luisteixeira.org\/Myblog\/wp-json\/wp\/v2\/categories?post=169"},{"taxonomy":"post_tag","embeddable":true,"href":"http:\/\/luisteixeira.org\/Myblog\/wp-json\/wp\/v2\/tags?post=169"}],"curies":[{"name":"wp","href":"https:\/\/api.w.org\/{rel}","templated":true}]}}